{"id":3136,"date":"2024-02-21T20:44:39","date_gmt":"2024-02-21T19:44:39","guid":{"rendered":"https:\/\/oficiantesandalucia.es\/non-classifiee\/cortijo-el-esparragal-gerena-seville\/"},"modified":"2025-03-18T15:07:52","modified_gmt":"2025-03-18T14:07:52","slug":"cortijo-el-esparragal-gerena-seville","status":"publish","type":"post","link":"https:\/\/oficiantesandalucia.es\/fr\/seville\/cortijo-el-esparragal-gerena-seville\/","title":{"rendered":"Cortijo El Esparragal, Gerena, S\u00e9ville"},"content":{"rendered":"\n<p>Le Cortijo El Esparragal est situ\u00e9 \u00e0 Gerena, S\u00e9ville et a plus de 400 ans d&#8217;histoire, avec diverses installations et capable d&#8217;accueillir tout type d&#8217;activit\u00e9 ou de c\u00e9l\u00e9bration et \u00e0 seulement 15 minutes de S\u00e9ville, \u00ab El Esparragal \u00bb, pr\u00eat \u00e0 accueillir des \u00e9v\u00e9nements familiaux tels que des mariages avec un officiant mariages S\u00e9ville.<\/p>\n\n<p>\u00ab El Esparragal \u00bb est une ferme o\u00f9 la tradition andalouse respire dans chaque recoin <strong>:<\/strong> antiquit\u00e9s, bois nobles, cours \u00e0 arcades&#8230; Les jardins, les salles et les chambres sont de vieux t\u00e9moins de la culture des si\u00e8cles forg\u00e9e \u00e0 partir des histoires personnelles de clercs, de monarques, de nobles, d&#8217;\u00e9leveurs, de toreros et de ga\u00f1anes (sorte de nobles). Pour ceux qui recherchent un lieu charg\u00e9 d&#8217;histoire, El Esparragal et un bon c\u00e9l\u00e9brant de mariage \u00e0 S\u00e9ville ne les d\u00e9cevront pas. <\/p>\n\n<figure class=\"wp-block-gallery has-nested-images columns-default is-cropped wp-block-gallery-1 is-layout-flex wp-block-gallery-is-layout-flex\">\n<figure class=\"wp-block-image size-medium is-style-ignition-berliner-border-image\"><img loading=\"lazy\" decoding=\"async\" width=\"300\" height=\"200\" data-id=\"624\" src=\"https:\/\/oficiantesandalucia.es\/wp-content\/uploads\/2024\/01\/Oficiante-Bodas-Celebrant-El-Esparragal-Gerena-copy6-300x200.jpg\" alt=\"Officiant de mariages Gerena, Sevilla\" class=\"wp-image-624\" srcset=\"https:\/\/oficiantesandalucia.es\/wp-content\/uploads\/2024\/01\/Oficiante-Bodas-Celebrant-El-Esparragal-Gerena-copy6-300x200.jpg 300w, https:\/\/oficiantesandalucia.es\/wp-content\/uploads\/2024\/01\/Oficiante-Bodas-Celebrant-El-Esparragal-Gerena-copy6-768x512.jpg 768w, https:\/\/oficiantesandalucia.es\/wp-content\/uploads\/2024\/01\/Oficiante-Bodas-Celebrant-El-Esparragal-Gerena-copy6-615x410.jpg 615w, https:\/\/oficiantesandalucia.es\/wp-content\/uploads\/2024\/01\/Oficiante-Bodas-Celebrant-El-Esparragal-Gerena-copy6-690x460.jpg 690w, https:\/\/oficiantesandalucia.es\/wp-content\/uploads\/2024\/01\/Oficiante-Bodas-Celebrant-El-Esparragal-Gerena-copy6.jpg 850w\" sizes=\"auto, (max-width: 300px) 100vw, 300px\" \/><\/figure>\n\n\n\n<figure class=\"wp-block-image size-medium is-style-ignition-berliner-border-image\"><img loading=\"lazy\" decoding=\"async\" width=\"300\" height=\"200\" data-id=\"625\" src=\"https:\/\/oficiantesandalucia.es\/wp-content\/uploads\/2024\/01\/Oficiante-Bodas-Celebrant-El-Esparragal-Gerena-copy4-300x200.jpg\" alt=\"Officiant de mariages Gerena, Sevilla\" class=\"wp-image-625\" srcset=\"https:\/\/oficiantesandalucia.es\/wp-content\/uploads\/2024\/01\/Oficiante-Bodas-Celebrant-El-Esparragal-Gerena-copy4-300x200.jpg 300w, https:\/\/oficiantesandalucia.es\/wp-content\/uploads\/2024\/01\/Oficiante-Bodas-Celebrant-El-Esparragal-Gerena-copy4-768x512.jpg 768w, https:\/\/oficiantesandalucia.es\/wp-content\/uploads\/2024\/01\/Oficiante-Bodas-Celebrant-El-Esparragal-Gerena-copy4-615x410.jpg 615w, https:\/\/oficiantesandalucia.es\/wp-content\/uploads\/2024\/01\/Oficiante-Bodas-Celebrant-El-Esparragal-Gerena-copy4-690x460.jpg 690w, https:\/\/oficiantesandalucia.es\/wp-content\/uploads\/2024\/01\/Oficiante-Bodas-Celebrant-El-Esparragal-Gerena-copy4.jpg 850w\" sizes=\"auto, (max-width: 300px) 100vw, 300px\" \/><\/figure>\n\n\n\n<figure class=\"wp-block-image size-medium is-style-ignition-berliner-border-image\"><img loading=\"lazy\" decoding=\"async\" width=\"300\" height=\"200\" data-id=\"621\" src=\"https:\/\/oficiantesandalucia.es\/wp-content\/uploads\/2024\/01\/Oficiante-Bodas-Celebrant-El-Esparragal-Gerena-copy2-300x200.jpg\" alt=\"Officiant de mariages Gerena, Sevilla\" class=\"wp-image-621\" srcset=\"https:\/\/oficiantesandalucia.es\/wp-content\/uploads\/2024\/01\/Oficiante-Bodas-Celebrant-El-Esparragal-Gerena-copy2-300x200.jpg 300w, https:\/\/oficiantesandalucia.es\/wp-content\/uploads\/2024\/01\/Oficiante-Bodas-Celebrant-El-Esparragal-Gerena-copy2-768x512.jpg 768w, https:\/\/oficiantesandalucia.es\/wp-content\/uploads\/2024\/01\/Oficiante-Bodas-Celebrant-El-Esparragal-Gerena-copy2-615x410.jpg 615w, https:\/\/oficiantesandalucia.es\/wp-content\/uploads\/2024\/01\/Oficiante-Bodas-Celebrant-El-Esparragal-Gerena-copy2-690x460.jpg 690w, https:\/\/oficiantesandalucia.es\/wp-content\/uploads\/2024\/01\/Oficiante-Bodas-Celebrant-El-Esparragal-Gerena-copy2.jpg 850w\" sizes=\"auto, (max-width: 300px) 100vw, 300px\" \/><\/figure>\n\n\n\n<figure class=\"wp-block-image size-medium is-style-ignition-berliner-border-image\"><img loading=\"lazy\" decoding=\"async\" width=\"300\" height=\"200\" data-id=\"626\" src=\"https:\/\/oficiantesandalucia.es\/wp-content\/uploads\/2024\/01\/Oficiante-Bodas-Celebrant-El-Esparragal-Gerena-copy5-300x200.jpg\" alt=\"Officiant de mariages Gerena, Sevilla\" class=\"wp-image-626\" srcset=\"https:\/\/oficiantesandalucia.es\/wp-content\/uploads\/2024\/01\/Oficiante-Bodas-Celebrant-El-Esparragal-Gerena-copy5-300x200.jpg 300w, https:\/\/oficiantesandalucia.es\/wp-content\/uploads\/2024\/01\/Oficiante-Bodas-Celebrant-El-Esparragal-Gerena-copy5-768x513.jpg 768w, https:\/\/oficiantesandalucia.es\/wp-content\/uploads\/2024\/01\/Oficiante-Bodas-Celebrant-El-Esparragal-Gerena-copy5-615x410.jpg 615w, https:\/\/oficiantesandalucia.es\/wp-content\/uploads\/2024\/01\/Oficiante-Bodas-Celebrant-El-Esparragal-Gerena-copy5-690x461.jpg 690w, https:\/\/oficiantesandalucia.es\/wp-content\/uploads\/2024\/01\/Oficiante-Bodas-Celebrant-El-Esparragal-Gerena-copy5.jpg 850w\" sizes=\"auto, (max-width: 300px) 100vw, 300px\" \/><\/figure>\n\n\n\n<figure class=\"wp-block-image size-medium is-style-ignition-berliner-border-image\"><img loading=\"lazy\" decoding=\"async\" width=\"300\" height=\"200\" data-id=\"620\" src=\"https:\/\/oficiantesandalucia.es\/wp-content\/uploads\/2024\/01\/Oficiante-Bodas-Celebrant-El-Esparragal-Gerena-copy1-300x200.jpg\" alt=\"Officiant de mariages Gerena, Sevilla\" class=\"wp-image-620\" srcset=\"https:\/\/oficiantesandalucia.es\/wp-content\/uploads\/2024\/01\/Oficiante-Bodas-Celebrant-El-Esparragal-Gerena-copy1-300x200.jpg 300w, https:\/\/oficiantesandalucia.es\/wp-content\/uploads\/2024\/01\/Oficiante-Bodas-Celebrant-El-Esparragal-Gerena-copy1-768x512.jpg 768w, https:\/\/oficiantesandalucia.es\/wp-content\/uploads\/2024\/01\/Oficiante-Bodas-Celebrant-El-Esparragal-Gerena-copy1-615x410.jpg 615w, https:\/\/oficiantesandalucia.es\/wp-content\/uploads\/2024\/01\/Oficiante-Bodas-Celebrant-El-Esparragal-Gerena-copy1-690x460.jpg 690w, https:\/\/oficiantesandalucia.es\/wp-content\/uploads\/2024\/01\/Oficiante-Bodas-Celebrant-El-Esparragal-Gerena-copy1.jpg 851w\" sizes=\"auto, (max-width: 300px) 100vw, 300px\" \/><\/figure>\n\n\n\n<figure class=\"wp-block-image size-medium is-style-ignition-berliner-border-image\"><img loading=\"lazy\" decoding=\"async\" width=\"300\" height=\"200\" data-id=\"627\" src=\"https:\/\/oficiantesandalucia.es\/wp-content\/uploads\/2024\/01\/Oficiante-Bodas-Celebrant-El-Esparragal-Gerena-copy3-300x200.jpg\" alt=\"Officiant de mariages Gerena, Sevilla\" class=\"wp-image-627\" srcset=\"https:\/\/oficiantesandalucia.es\/wp-content\/uploads\/2024\/01\/Oficiante-Bodas-Celebrant-El-Esparragal-Gerena-copy3-300x200.jpg 300w, https:\/\/oficiantesandalucia.es\/wp-content\/uploads\/2024\/01\/Oficiante-Bodas-Celebrant-El-Esparragal-Gerena-copy3-768x512.jpg 768w, https:\/\/oficiantesandalucia.es\/wp-content\/uploads\/2024\/01\/Oficiante-Bodas-Celebrant-El-Esparragal-Gerena-copy3-615x410.jpg 615w, https:\/\/oficiantesandalucia.es\/wp-content\/uploads\/2024\/01\/Oficiante-Bodas-Celebrant-El-Esparragal-Gerena-copy3-690x460.jpg 690w, https:\/\/oficiantesandalucia.es\/wp-content\/uploads\/2024\/01\/Oficiante-Bodas-Celebrant-El-Esparragal-Gerena-copy3.jpg 850w\" sizes=\"auto, (max-width: 300px) 100vw, 300px\" \/><\/figure>\n\n\n\n<figure class=\"wp-block-image size-medium is-style-ignition-berliner-border-image\"><img loading=\"lazy\" decoding=\"async\" width=\"300\" height=\"200\" data-id=\"622\" src=\"https:\/\/oficiantesandalucia.es\/wp-content\/uploads\/2024\/01\/Oficiante-Bodas-Celebrant-El-Esparragal-Gerena-300x200.jpg\" alt=\"Officiant de mariages Gerena, Sevilla\" class=\"wp-image-622\" srcset=\"https:\/\/oficiantesandalucia.es\/wp-content\/uploads\/2024\/01\/Oficiante-Bodas-Celebrant-El-Esparragal-Gerena-300x200.jpg 300w, https:\/\/oficiantesandalucia.es\/wp-content\/uploads\/2024\/01\/Oficiante-Bodas-Celebrant-El-Esparragal-Gerena-768x512.jpg 768w, https:\/\/oficiantesandalucia.es\/wp-content\/uploads\/2024\/01\/Oficiante-Bodas-Celebrant-El-Esparragal-Gerena-615x410.jpg 615w, https:\/\/oficiantesandalucia.es\/wp-content\/uploads\/2024\/01\/Oficiante-Bodas-Celebrant-El-Esparragal-Gerena-690x460.jpg 690w, https:\/\/oficiantesandalucia.es\/wp-content\/uploads\/2024\/01\/Oficiante-Bodas-Celebrant-El-Esparragal-Gerena.jpg 850w\" sizes=\"auto, (max-width: 300px) 100vw, 300px\" \/><\/figure>\n\n\n\n<figure class=\"wp-block-image size-medium is-style-ignition-berliner-border-image\"><img loading=\"lazy\" decoding=\"async\" width=\"300\" height=\"200\" data-id=\"619\" src=\"https:\/\/oficiantesandalucia.es\/wp-content\/uploads\/2024\/01\/Oficiante-Bodas-Celebrant-El-Esparragal-Gerena-copy-300x200.jpg\" alt=\"Officiant de mariages Gerena, Sevilla\" class=\"wp-image-619\" srcset=\"https:\/\/oficiantesandalucia.es\/wp-content\/uploads\/2024\/01\/Oficiante-Bodas-Celebrant-El-Esparragal-Gerena-copy-300x200.jpg 300w, https:\/\/oficiantesandalucia.es\/wp-content\/uploads\/2024\/01\/Oficiante-Bodas-Celebrant-El-Esparragal-Gerena-copy-768x512.jpg 768w, https:\/\/oficiantesandalucia.es\/wp-content\/uploads\/2024\/01\/Oficiante-Bodas-Celebrant-El-Esparragal-Gerena-copy-615x410.jpg 615w, https:\/\/oficiantesandalucia.es\/wp-content\/uploads\/2024\/01\/Oficiante-Bodas-Celebrant-El-Esparragal-Gerena-copy-690x460.jpg 690w, https:\/\/oficiantesandalucia.es\/wp-content\/uploads\/2024\/01\/Oficiante-Bodas-Celebrant-El-Esparragal-Gerena-copy.jpg 850w\" sizes=\"auto, (max-width: 300px) 100vw, 300px\" \/><\/figure>\n<\/figure>\n\n<figure class=\"wp-block-embed is-type-video is-provider-youtube wp-block-embed-youtube wp-embed-aspect-16-9 wp-has-aspect-ratio\"><div class=\"wp-block-embed__wrapper\">\n<div class=\"ignition-responsive-embed\"><iframe loading=\"lazy\" title=\"Boda en Cortijo Esparragal - Sevilla - Paula y Jose - Trailer\" width=\"870\" height=\"489\" src=\"https:\/\/www.youtube.com\/embed\/jmXcZNBcJGI?start=2&#038;feature=oembed\" frameborder=\"0\" allow=\"accelerometer; autoplay; clipboard-write; encrypted-media; gyroscope; picture-in-picture; web-share\" referrerpolicy=\"strict-origin-when-cross-origin\" allowfullscreen><\/iframe><\/div>\n<\/div><\/figure>\n","protected":false},"excerpt":{"rendered":"<p>Le Cortijo El Esparragal est situ\u00e9 \u00e0 Gerena, S\u00e9ville et a plus de 400 ans d&#8217;histoire, avec diverses installations et capable d&#8217;accueillir tout type d&#8217;activit\u00e9 ou de c\u00e9l\u00e9bration et \u00e0 seulement 15 minutes de S\u00e9ville, [&hellip;]<\/p>\n","protected":false},"author":1,"featured_media":2278,"comment_status":"open","ping_status":"open","sticky":false,"template":"","format":"standard","meta":{"inline_featured_image":false,"_joinchat":[],"footnotes":""},"categories":[318],"tags":[324,320,319,321,591,741,742,322,323],"class_list":["post-3136","post","type-post","status-publish","format-standard","has-post-thumbnail","hentry","category-seville","tag-celebrant-gerena-fr","tag-ceremonies-el-esparragal","tag-mariages-a-el-esparragal","tag-mariages-civils-gerena","tag-officiant-de-mariage-a-seville","tag-officiant-de-mariage-gerena","tag-officiant-de-mariage-seville","tag-officiant-el-esparragal","tag-officiant-gerena"],"yoast_head":"<!-- This site is optimized with the Yoast SEO plugin v27.5 - https:\/\/yoast.com\/product\/yoast-seo-wordpress\/ -->\n<title>Cortijo El Esparragal, Gerena, S\u00e9ville - Oficiantes Andaluc&iacute;a<\/title>\n<meta name=\"description\" content=\"Officiant de mariage \u00e0 S\u00e9ville, c\u00e9r\u00e9monies symboliques de mariage en espagnol, fran\u00e7ais, anglais, allemand et portugais au Cortijo El Esparragal, \u00e0 Gerena, S\u00e9ville.\" \/>\n<meta name=\"robots\" content=\"index, follow, max-snippet:-1, max-image-preview:large, max-video-preview:-1\" \/>\n<link rel=\"canonical\" href=\"https:\/\/oficiantesandalucia.es\/fr\/seville\/cortijo-el-esparragal-gerena-seville\/\" \/>\n<meta property=\"og:locale\" content=\"fr_FR\" \/>\n<meta property=\"og:type\" content=\"article\" \/>\n<meta property=\"og:title\" content=\"Cortijo El Esparragal, Gerena, S\u00e9ville - Oficiantes Andaluc&iacute;a\" \/>\n<meta property=\"og:description\" content=\"Officiant de mariage \u00e0 S\u00e9ville, c\u00e9r\u00e9monies symboliques de mariage en espagnol, fran\u00e7ais, anglais, allemand et portugais au Cortijo El Esparragal, \u00e0 Gerena, S\u00e9ville.\" \/>\n<meta property=\"og:url\" content=\"https:\/\/oficiantesandalucia.es\/fr\/seville\/cortijo-el-esparragal-gerena-seville\/\" \/>\n<meta property=\"og:site_name\" content=\"Oficiantes Andaluc&iacute;a\" \/>\n<meta property=\"article:published_time\" content=\"2024-02-21T19:44:39+00:00\" \/>\n<meta property=\"article:modified_time\" content=\"2025-03-18T14:07:52+00:00\" \/>\n<meta property=\"og:image\" content=\"https:\/\/oficiantesandalucia.es\/wp-content\/uploads\/2024\/01\/Oficiante-Bodas-Celebrant-El-Esparragal-Gerena-copy3.jpg\" \/>\n\t<meta property=\"og:image:width\" content=\"850\" \/>\n\t<meta property=\"og:image:height\" content=\"567\" \/>\n\t<meta property=\"og:image:type\" content=\"image\/jpeg\" \/>\n<meta name=\"author\" content=\"admin\" \/>\n<meta name=\"twitter:card\" content=\"summary_large_image\" \/>\n<meta name=\"twitter:label1\" content=\"\u00c9crit par\" \/>\n\t<meta name=\"twitter:data1\" content=\"\" \/>\n\t<meta name=\"twitter:label2\" content=\"Dur\u00e9e de lecture estim\u00e9e\" \/>\n\t<meta name=\"twitter:data2\" content=\"1 minute\" \/>\n<script type=\"application\/ld+json\" class=\"yoast-schema-graph\">{\"@context\":\"https:\\\/\\\/schema.org\",\"@graph\":[{\"@type\":\"Article\",\"@id\":\"https:\\\/\\\/oficiantesandalucia.es\\\/fr\\\/seville\\\/cortijo-el-esparragal-gerena-seville\\\/#article\",\"isPartOf\":{\"@id\":\"https:\\\/\\\/oficiantesandalucia.es\\\/fr\\\/seville\\\/cortijo-el-esparragal-gerena-seville\\\/\"},\"author\":{\"name\":\"admin\",\"@id\":\"https:\\\/\\\/oficiantesandalucia.es\\\/fr\\\/#\\\/schema\\\/person\\\/1d0ff9743c77c8128508e8bd57411f81\"},\"headline\":\"Cortijo El Esparragal, Gerena, S\u00e9ville\",\"datePublished\":\"2024-02-21T19:44:39+00:00\",\"dateModified\":\"2025-03-18T14:07:52+00:00\",\"mainEntityOfPage\":{\"@id\":\"https:\\\/\\\/oficiantesandalucia.es\\\/fr\\\/seville\\\/cortijo-el-esparragal-gerena-seville\\\/\"},\"wordCount\":159,\"commentCount\":0,\"publisher\":{\"@id\":\"https:\\\/\\\/oficiantesandalucia.es\\\/fr\\\/#organization\"},\"image\":{\"@id\":\"https:\\\/\\\/oficiantesandalucia.es\\\/fr\\\/seville\\\/cortijo-el-esparragal-gerena-seville\\\/#primaryimage\"},\"thumbnailUrl\":\"https:\\\/\\\/oficiantesandalucia.es\\\/wp-content\\\/uploads\\\/2024\\\/01\\\/Oficiante-Bodas-Celebrant-El-Esparragal-Gerena-copy3.jpg\",\"keywords\":[\"C\u00e9l\u00e9brant Gerena\",\"C\u00e9r\u00e9monies El Esparragal\",\"Mariages \u00e0 El Esparragal\",\"Mariages civils Gerena\",\"Officiant de mariage \u00e0 S\u00e9ville\",\"Officiant de mariage Gerena\",\"Officiant de mariage Seville\",\"Officiant El Esparragal\",\"Officiant Gerena\"],\"articleSection\":[\"S\u00e9ville\"],\"inLanguage\":\"fr-FR\",\"potentialAction\":[{\"@type\":\"CommentAction\",\"name\":\"Comment\",\"target\":[\"https:\\\/\\\/oficiantesandalucia.es\\\/fr\\\/seville\\\/cortijo-el-esparragal-gerena-seville\\\/#respond\"]}]},{\"@type\":\"WebPage\",\"@id\":\"https:\\\/\\\/oficiantesandalucia.es\\\/fr\\\/seville\\\/cortijo-el-esparragal-gerena-seville\\\/\",\"url\":\"https:\\\/\\\/oficiantesandalucia.es\\\/fr\\\/seville\\\/cortijo-el-esparragal-gerena-seville\\\/\",\"name\":\"Cortijo El Esparragal, Gerena, S\u00e9ville - Oficiantes Andaluc&iacute;a\",\"isPartOf\":{\"@id\":\"https:\\\/\\\/oficiantesandalucia.es\\\/fr\\\/#website\"},\"primaryImageOfPage\":{\"@id\":\"https:\\\/\\\/oficiantesandalucia.es\\\/fr\\\/seville\\\/cortijo-el-esparragal-gerena-seville\\\/#primaryimage\"},\"image\":{\"@id\":\"https:\\\/\\\/oficiantesandalucia.es\\\/fr\\\/seville\\\/cortijo-el-esparragal-gerena-seville\\\/#primaryimage\"},\"thumbnailUrl\":\"https:\\\/\\\/oficiantesandalucia.es\\\/wp-content\\\/uploads\\\/2024\\\/01\\\/Oficiante-Bodas-Celebrant-El-Esparragal-Gerena-copy3.jpg\",\"datePublished\":\"2024-02-21T19:44:39+00:00\",\"dateModified\":\"2025-03-18T14:07:52+00:00\",\"description\":\"Officiant de mariage \u00e0 S\u00e9ville, c\u00e9r\u00e9monies symboliques de mariage en espagnol, fran\u00e7ais, anglais, allemand et portugais au Cortijo El Esparragal, \u00e0 Gerena, S\u00e9ville.\",\"breadcrumb\":{\"@id\":\"https:\\\/\\\/oficiantesandalucia.es\\\/fr\\\/seville\\\/cortijo-el-esparragal-gerena-seville\\\/#breadcrumb\"},\"inLanguage\":\"fr-FR\",\"potentialAction\":[{\"@type\":\"ReadAction\",\"target\":[\"https:\\\/\\\/oficiantesandalucia.es\\\/fr\\\/seville\\\/cortijo-el-esparragal-gerena-seville\\\/\"]}]},{\"@type\":\"ImageObject\",\"inLanguage\":\"fr-FR\",\"@id\":\"https:\\\/\\\/oficiantesandalucia.es\\\/fr\\\/seville\\\/cortijo-el-esparragal-gerena-seville\\\/#primaryimage\",\"url\":\"https:\\\/\\\/oficiantesandalucia.es\\\/wp-content\\\/uploads\\\/2024\\\/01\\\/Oficiante-Bodas-Celebrant-El-Esparragal-Gerena-copy3.jpg\",\"contentUrl\":\"https:\\\/\\\/oficiantesandalucia.es\\\/wp-content\\\/uploads\\\/2024\\\/01\\\/Oficiante-Bodas-Celebrant-El-Esparragal-Gerena-copy3.jpg\",\"width\":850,\"height\":567},{\"@type\":\"BreadcrumbList\",\"@id\":\"https:\\\/\\\/oficiantesandalucia.es\\\/fr\\\/seville\\\/cortijo-el-esparragal-gerena-seville\\\/#breadcrumb\",\"itemListElement\":[{\"@type\":\"ListItem\",\"position\":1,\"name\":\"Portada\",\"item\":\"https:\\\/\\\/oficiantesandalucia.es\\\/fr\\\/\"},{\"@type\":\"ListItem\",\"position\":2,\"name\":\"Cortijo El Esparragal, Gerena, S\u00e9ville\"}]},{\"@type\":\"WebSite\",\"@id\":\"https:\\\/\\\/oficiantesandalucia.es\\\/fr\\\/#website\",\"url\":\"https:\\\/\\\/oficiantesandalucia.es\\\/fr\\\/\",\"name\":\"Oficiantes Andaluc\u00eda\",\"description\":\"Ceremonias civiles\",\"publisher\":{\"@id\":\"https:\\\/\\\/oficiantesandalucia.es\\\/fr\\\/#organization\"},\"potentialAction\":[{\"@type\":\"SearchAction\",\"target\":{\"@type\":\"EntryPoint\",\"urlTemplate\":\"https:\\\/\\\/oficiantesandalucia.es\\\/fr\\\/?s={search_term_string}\"},\"query-input\":{\"@type\":\"PropertyValueSpecification\",\"valueRequired\":true,\"valueName\":\"search_term_string\"}}],\"inLanguage\":\"fr-FR\"},{\"@type\":\"Organization\",\"@id\":\"https:\\\/\\\/oficiantesandalucia.es\\\/fr\\\/#organization\",\"name\":\"Oficiantes Andaluc\u00eda\",\"url\":\"https:\\\/\\\/oficiantesandalucia.es\\\/fr\\\/\",\"logo\":{\"@type\":\"ImageObject\",\"inLanguage\":\"fr-FR\",\"@id\":\"https:\\\/\\\/oficiantesandalucia.es\\\/fr\\\/#\\\/schema\\\/logo\\\/image\\\/\",\"url\":\"https:\\\/\\\/oficiantesandalucia.es\\\/wp-content\\\/uploads\\\/2024\\\/01\\\/Sello-oficiantes-Andalucia.png\",\"contentUrl\":\"https:\\\/\\\/oficiantesandalucia.es\\\/wp-content\\\/uploads\\\/2024\\\/01\\\/Sello-oficiantes-Andalucia.png\",\"width\":1246,\"height\":1249,\"caption\":\"Oficiantes Andaluc\u00eda\"},\"image\":{\"@id\":\"https:\\\/\\\/oficiantesandalucia.es\\\/fr\\\/#\\\/schema\\\/logo\\\/image\\\/\"},\"sameAs\":[\"https:\\\/\\\/www.instagram.com\\\/oficiantes_andalucia\"]},{\"@type\":\"Person\",\"@id\":\"https:\\\/\\\/oficiantesandalucia.es\\\/fr\\\/#\\\/schema\\\/person\\\/1d0ff9743c77c8128508e8bd57411f81\",\"name\":\"admin\",\"image\":{\"@type\":\"ImageObject\",\"inLanguage\":\"fr-FR\",\"@id\":\"https:\\\/\\\/oficiantesandalucia.es\\\/wp-content\\\/litespeed\\\/avatar\\\/2cb521f7159e95e4b8ba6c0be3a2df48.jpg?ver=1776884407\",\"url\":\"https:\\\/\\\/oficiantesandalucia.es\\\/wp-content\\\/litespeed\\\/avatar\\\/2cb521f7159e95e4b8ba6c0be3a2df48.jpg?ver=1776884407\",\"contentUrl\":\"https:\\\/\\\/oficiantesandalucia.es\\\/wp-content\\\/litespeed\\\/avatar\\\/2cb521f7159e95e4b8ba6c0be3a2df48.jpg?ver=1776884407\",\"caption\":\"admin\"},\"sameAs\":[\"https:\\\/\\\/oficiantesandalucia.es\"],\"url\":\"https:\\\/\\\/oficiantesandalucia.es\\\/fr\\\/author\\\/admin\\\/\"}]}<\/script>\n<!-- \/ Yoast SEO plugin. -->","yoast_head_json":{"title":"Cortijo El Esparragal, Gerena, S\u00e9ville - Oficiantes Andaluc&iacute;a","description":"Officiant de mariage \u00e0 S\u00e9ville, c\u00e9r\u00e9monies symboliques de mariage en espagnol, fran\u00e7ais, anglais, allemand et portugais au Cortijo El Esparragal, \u00e0 Gerena, S\u00e9ville.","robots":{"index":"index","follow":"follow","max-snippet":"max-snippet:-1","max-image-preview":"max-image-preview:large","max-video-preview":"max-video-preview:-1"},"canonical":"https:\/\/oficiantesandalucia.es\/fr\/seville\/cortijo-el-esparragal-gerena-seville\/","og_locale":"fr_FR","og_type":"article","og_title":"Cortijo El Esparragal, Gerena, S\u00e9ville - Oficiantes Andaluc&iacute;a","og_description":"Officiant de mariage \u00e0 S\u00e9ville, c\u00e9r\u00e9monies symboliques de mariage en espagnol, fran\u00e7ais, anglais, allemand et portugais au Cortijo El Esparragal, \u00e0 Gerena, S\u00e9ville.","og_url":"https:\/\/oficiantesandalucia.es\/fr\/seville\/cortijo-el-esparragal-gerena-seville\/","og_site_name":"Oficiantes Andaluc&iacute;a","article_published_time":"2024-02-21T19:44:39+00:00","article_modified_time":"2025-03-18T14:07:52+00:00","og_image":[{"width":850,"height":567,"url":"https:\/\/oficiantesandalucia.es\/wp-content\/uploads\/2024\/01\/Oficiante-Bodas-Celebrant-El-Esparragal-Gerena-copy3.jpg","type":"image\/jpeg"}],"author":"admin","twitter_card":"summary_large_image","twitter_misc":{"\u00c9crit par":false,"Dur\u00e9e de lecture estim\u00e9e":"1 minute"},"schema":{"@context":"https:\/\/schema.org","@graph":[{"@type":"Article","@id":"https:\/\/oficiantesandalucia.es\/fr\/seville\/cortijo-el-esparragal-gerena-seville\/#article","isPartOf":{"@id":"https:\/\/oficiantesandalucia.es\/fr\/seville\/cortijo-el-esparragal-gerena-seville\/"},"author":{"name":"admin","@id":"https:\/\/oficiantesandalucia.es\/fr\/#\/schema\/person\/1d0ff9743c77c8128508e8bd57411f81"},"headline":"Cortijo El Esparragal, Gerena, S\u00e9ville","datePublished":"2024-02-21T19:44:39+00:00","dateModified":"2025-03-18T14:07:52+00:00","mainEntityOfPage":{"@id":"https:\/\/oficiantesandalucia.es\/fr\/seville\/cortijo-el-esparragal-gerena-seville\/"},"wordCount":159,"commentCount":0,"publisher":{"@id":"https:\/\/oficiantesandalucia.es\/fr\/#organization"},"image":{"@id":"https:\/\/oficiantesandalucia.es\/fr\/seville\/cortijo-el-esparragal-gerena-seville\/#primaryimage"},"thumbnailUrl":"https:\/\/oficiantesandalucia.es\/wp-content\/uploads\/2024\/01\/Oficiante-Bodas-Celebrant-El-Esparragal-Gerena-copy3.jpg","keywords":["C\u00e9l\u00e9brant Gerena","C\u00e9r\u00e9monies El Esparragal","Mariages \u00e0 El Esparragal","Mariages civils Gerena","Officiant de mariage \u00e0 S\u00e9ville","Officiant de mariage Gerena","Officiant de mariage Seville","Officiant El Esparragal","Officiant Gerena"],"articleSection":["S\u00e9ville"],"inLanguage":"fr-FR","potentialAction":[{"@type":"CommentAction","name":"Comment","target":["https:\/\/oficiantesandalucia.es\/fr\/seville\/cortijo-el-esparragal-gerena-seville\/#respond"]}]},{"@type":"WebPage","@id":"https:\/\/oficiantesandalucia.es\/fr\/seville\/cortijo-el-esparragal-gerena-seville\/","url":"https:\/\/oficiantesandalucia.es\/fr\/seville\/cortijo-el-esparragal-gerena-seville\/","name":"Cortijo El Esparragal, Gerena, S\u00e9ville - Oficiantes Andaluc&iacute;a","isPartOf":{"@id":"https:\/\/oficiantesandalucia.es\/fr\/#website"},"primaryImageOfPage":{"@id":"https:\/\/oficiantesandalucia.es\/fr\/seville\/cortijo-el-esparragal-gerena-seville\/#primaryimage"},"image":{"@id":"https:\/\/oficiantesandalucia.es\/fr\/seville\/cortijo-el-esparragal-gerena-seville\/#primaryimage"},"thumbnailUrl":"https:\/\/oficiantesandalucia.es\/wp-content\/uploads\/2024\/01\/Oficiante-Bodas-Celebrant-El-Esparragal-Gerena-copy3.jpg","datePublished":"2024-02-21T19:44:39+00:00","dateModified":"2025-03-18T14:07:52+00:00","description":"Officiant de mariage \u00e0 S\u00e9ville, c\u00e9r\u00e9monies symboliques de mariage en espagnol, fran\u00e7ais, anglais, allemand et portugais au Cortijo El Esparragal, \u00e0 Gerena, S\u00e9ville.","breadcrumb":{"@id":"https:\/\/oficiantesandalucia.es\/fr\/seville\/cortijo-el-esparragal-gerena-seville\/#breadcrumb"},"inLanguage":"fr-FR","potentialAction":[{"@type":"ReadAction","target":["https:\/\/oficiantesandalucia.es\/fr\/seville\/cortijo-el-esparragal-gerena-seville\/"]}]},{"@type":"ImageObject","inLanguage":"fr-FR","@id":"https:\/\/oficiantesandalucia.es\/fr\/seville\/cortijo-el-esparragal-gerena-seville\/#primaryimage","url":"https:\/\/oficiantesandalucia.es\/wp-content\/uploads\/2024\/01\/Oficiante-Bodas-Celebrant-El-Esparragal-Gerena-copy3.jpg","contentUrl":"https:\/\/oficiantesandalucia.es\/wp-content\/uploads\/2024\/01\/Oficiante-Bodas-Celebrant-El-Esparragal-Gerena-copy3.jpg","width":850,"height":567},{"@type":"BreadcrumbList","@id":"https:\/\/oficiantesandalucia.es\/fr\/seville\/cortijo-el-esparragal-gerena-seville\/#breadcrumb","itemListElement":[{"@type":"ListItem","position":1,"name":"Portada","item":"https:\/\/oficiantesandalucia.es\/fr\/"},{"@type":"ListItem","position":2,"name":"Cortijo El Esparragal, Gerena, S\u00e9ville"}]},{"@type":"WebSite","@id":"https:\/\/oficiantesandalucia.es\/fr\/#website","url":"https:\/\/oficiantesandalucia.es\/fr\/","name":"Oficiantes Andaluc\u00eda","description":"Ceremonias civiles","publisher":{"@id":"https:\/\/oficiantesandalucia.es\/fr\/#organization"},"potentialAction":[{"@type":"SearchAction","target":{"@type":"EntryPoint","urlTemplate":"https:\/\/oficiantesandalucia.es\/fr\/?s={search_term_string}"},"query-input":{"@type":"PropertyValueSpecification","valueRequired":true,"valueName":"search_term_string"}}],"inLanguage":"fr-FR"},{"@type":"Organization","@id":"https:\/\/oficiantesandalucia.es\/fr\/#organization","name":"Oficiantes Andaluc\u00eda","url":"https:\/\/oficiantesandalucia.es\/fr\/","logo":{"@type":"ImageObject","inLanguage":"fr-FR","@id":"https:\/\/oficiantesandalucia.es\/fr\/#\/schema\/logo\/image\/","url":"https:\/\/oficiantesandalucia.es\/wp-content\/uploads\/2024\/01\/Sello-oficiantes-Andalucia.png","contentUrl":"https:\/\/oficiantesandalucia.es\/wp-content\/uploads\/2024\/01\/Sello-oficiantes-Andalucia.png","width":1246,"height":1249,"caption":"Oficiantes Andaluc\u00eda"},"image":{"@id":"https:\/\/oficiantesandalucia.es\/fr\/#\/schema\/logo\/image\/"},"sameAs":["https:\/\/www.instagram.com\/oficiantes_andalucia"]},{"@type":"Person","@id":"https:\/\/oficiantesandalucia.es\/fr\/#\/schema\/person\/1d0ff9743c77c8128508e8bd57411f81","name":"admin","image":{"@type":"ImageObject","inLanguage":"fr-FR","@id":"https:\/\/oficiantesandalucia.es\/wp-content\/litespeed\/avatar\/2cb521f7159e95e4b8ba6c0be3a2df48.jpg?ver=1776884407","url":"https:\/\/oficiantesandalucia.es\/wp-content\/litespeed\/avatar\/2cb521f7159e95e4b8ba6c0be3a2df48.jpg?ver=1776884407","contentUrl":"https:\/\/oficiantesandalucia.es\/wp-content\/litespeed\/avatar\/2cb521f7159e95e4b8ba6c0be3a2df48.jpg?ver=1776884407","caption":"admin"},"sameAs":["https:\/\/oficiantesandalucia.es"],"url":"https:\/\/oficiantesandalucia.es\/fr\/author\/admin\/"}]}},"_links":{"self":[{"href":"https:\/\/oficiantesandalucia.es\/fr\/wp-json\/wp\/v2\/posts\/3136","targetHints":{"allow":["GET"]}}],"collection":[{"href":"https:\/\/oficiantesandalucia.es\/fr\/wp-json\/wp\/v2\/posts"}],"about":[{"href":"https:\/\/oficiantesandalucia.es\/fr\/wp-json\/wp\/v2\/types\/post"}],"author":[{"embeddable":true,"href":"https:\/\/oficiantesandalucia.es\/fr\/wp-json\/wp\/v2\/users\/1"}],"replies":[{"embeddable":true,"href":"https:\/\/oficiantesandalucia.es\/fr\/wp-json\/wp\/v2\/comments?post=3136"}],"version-history":[{"count":2,"href":"https:\/\/oficiantesandalucia.es\/fr\/wp-json\/wp\/v2\/posts\/3136\/revisions"}],"predecessor-version":[{"id":4177,"href":"https:\/\/oficiantesandalucia.es\/fr\/wp-json\/wp\/v2\/posts\/3136\/revisions\/4177"}],"wp:featuredmedia":[{"embeddable":true,"href":"https:\/\/oficiantesandalucia.es\/fr\/wp-json\/wp\/v2\/media\/2278"}],"wp:attachment":[{"href":"https:\/\/oficiantesandalucia.es\/fr\/wp-json\/wp\/v2\/media?parent=3136"}],"wp:term":[{"taxonomy":"category","embeddable":true,"href":"https:\/\/oficiantesandalucia.es\/fr\/wp-json\/wp\/v2\/categories?post=3136"},{"taxonomy":"post_tag","embeddable":true,"href":"https:\/\/oficiantesandalucia.es\/fr\/wp-json\/wp\/v2\/tags?post=3136"}],"curies":[{"name":"wp","href":"https:\/\/api.w.org\/{rel}","templated":true}]}}