{"id":3198,"date":"2024-02-17T19:53:50","date_gmt":"2024-02-17T18:53:50","guid":{"rendered":"https:\/\/oficiantesandalucia.es\/non-classifiee\/la-fabrica-de-los-genoveses-almeria\/"},"modified":"2024-06-06T13:41:48","modified_gmt":"2024-06-06T11:41:48","slug":"la-fabrica-de-los-genoveses-almeria","status":"publish","type":"post","link":"https:\/\/oficiantesandalucia.es\/fr\/almeria-fr\/la-fabrica-de-los-genoveses-almeria\/","title":{"rendered":"La F\u00e1brica de los Genoveses, almeria"},"content":{"rendered":"\n<p>Situ\u00e9s au c\u0153ur du parc naturel de Cabo de Gata-N\u00edjar, en face de la plage de Los Genoveses, nous avons eu l&#8217;honneur de r\u00e9aliser plusieurs c\u00e9r\u00e9monies non seulement pour des couples espagnols, mais aussi pour des couples mixtes dont l&#8217;un \u00e9tait suisse, fran\u00e7ais, anglais, irlandais et allemand. Le Cap Gata s\u00e9duit tout le monde. Contactez-nous si vous souhaitez une c\u00e9r\u00e9monie dans votre langue, \u00e0 Cabo de Gata, en face de la plage de Genoveses.<\/p>\n\n<figure class=\"wp-block-gallery has-nested-images columns-default is-cropped wp-block-gallery-1 is-layout-flex wp-block-gallery-is-layout-flex\">\n<figure class=\"wp-block-image size-large is-style-ignition-berliner-border-image\"><img loading=\"lazy\" decoding=\"async\" width=\"850\" height=\"567\" data-id=\"905\" src=\"https:\/\/oficiantesandalucia.es\/wp-content\/uploads\/2024\/02\/Oficiante-Celebrant-Boda-Playa-Genoveses-Almeria_-copy.jpg\" alt=\"\" class=\"wp-image-905\" srcset=\"https:\/\/oficiantesandalucia.es\/wp-content\/uploads\/2024\/02\/Oficiante-Celebrant-Boda-Playa-Genoveses-Almeria_-copy.jpg 850w, https:\/\/oficiantesandalucia.es\/wp-content\/uploads\/2024\/02\/Oficiante-Celebrant-Boda-Playa-Genoveses-Almeria_-copy-300x200.jpg 300w, https:\/\/oficiantesandalucia.es\/wp-content\/uploads\/2024\/02\/Oficiante-Celebrant-Boda-Playa-Genoveses-Almeria_-copy-768x512.jpg 768w, https:\/\/oficiantesandalucia.es\/wp-content\/uploads\/2024\/02\/Oficiante-Celebrant-Boda-Playa-Genoveses-Almeria_-copy-615x410.jpg 615w, https:\/\/oficiantesandalucia.es\/wp-content\/uploads\/2024\/02\/Oficiante-Celebrant-Boda-Playa-Genoveses-Almeria_-copy-690x460.jpg 690w\" sizes=\"auto, (max-width: 850px) 100vw, 850px\" \/><\/figure>\n\n\n\n<figure class=\"wp-block-image size-large is-style-ignition-berliner-border-image\"><img loading=\"lazy\" decoding=\"async\" width=\"850\" height=\"567\" data-id=\"910\" src=\"https:\/\/oficiantesandalucia.es\/wp-content\/uploads\/2024\/02\/Oficiante-Celebrant-Boda-Playa-Genoveses-Almeria_-copy10.jpg\" alt=\"\" class=\"wp-image-910\" srcset=\"https:\/\/oficiantesandalucia.es\/wp-content\/uploads\/2024\/02\/Oficiante-Celebrant-Boda-Playa-Genoveses-Almeria_-copy10.jpg 850w, https:\/\/oficiantesandalucia.es\/wp-content\/uploads\/2024\/02\/Oficiante-Celebrant-Boda-Playa-Genoveses-Almeria_-copy10-300x200.jpg 300w, https:\/\/oficiantesandalucia.es\/wp-content\/uploads\/2024\/02\/Oficiante-Celebrant-Boda-Playa-Genoveses-Almeria_-copy10-768x512.jpg 768w, https:\/\/oficiantesandalucia.es\/wp-content\/uploads\/2024\/02\/Oficiante-Celebrant-Boda-Playa-Genoveses-Almeria_-copy10-615x410.jpg 615w, https:\/\/oficiantesandalucia.es\/wp-content\/uploads\/2024\/02\/Oficiante-Celebrant-Boda-Playa-Genoveses-Almeria_-copy10-690x460.jpg 690w\" sizes=\"auto, (max-width: 850px) 100vw, 850px\" \/><\/figure>\n\n\n\n<figure class=\"wp-block-image size-large is-style-ignition-berliner-border-image\"><img loading=\"lazy\" decoding=\"async\" width=\"850\" height=\"567\" data-id=\"915\" src=\"https:\/\/oficiantesandalucia.es\/wp-content\/uploads\/2024\/02\/Oficiante-Celebrant-Boda-Playa-Genoveses-Almeria_-copy3.jpg\" alt=\"\" class=\"wp-image-915\" srcset=\"https:\/\/oficiantesandalucia.es\/wp-content\/uploads\/2024\/02\/Oficiante-Celebrant-Boda-Playa-Genoveses-Almeria_-copy3.jpg 850w, https:\/\/oficiantesandalucia.es\/wp-content\/uploads\/2024\/02\/Oficiante-Celebrant-Boda-Playa-Genoveses-Almeria_-copy3-300x200.jpg 300w, https:\/\/oficiantesandalucia.es\/wp-content\/uploads\/2024\/02\/Oficiante-Celebrant-Boda-Playa-Genoveses-Almeria_-copy3-768x512.jpg 768w, https:\/\/oficiantesandalucia.es\/wp-content\/uploads\/2024\/02\/Oficiante-Celebrant-Boda-Playa-Genoveses-Almeria_-copy3-615x410.jpg 615w, https:\/\/oficiantesandalucia.es\/wp-content\/uploads\/2024\/02\/Oficiante-Celebrant-Boda-Playa-Genoveses-Almeria_-copy3-690x460.jpg 690w\" sizes=\"auto, (max-width: 850px) 100vw, 850px\" \/><\/figure>\n\n\n\n<figure class=\"wp-block-image size-large is-style-ignition-berliner-border-image\"><img loading=\"lazy\" decoding=\"async\" width=\"850\" height=\"567\" data-id=\"906\" src=\"https:\/\/oficiantesandalucia.es\/wp-content\/uploads\/2024\/02\/Oficiante-Celebrant-Boda-Playa-Genoveses-Almeria_-copy1.jpg\" alt=\"\" class=\"wp-image-906\" srcset=\"https:\/\/oficiantesandalucia.es\/wp-content\/uploads\/2024\/02\/Oficiante-Celebrant-Boda-Playa-Genoveses-Almeria_-copy1.jpg 850w, https:\/\/oficiantesandalucia.es\/wp-content\/uploads\/2024\/02\/Oficiante-Celebrant-Boda-Playa-Genoveses-Almeria_-copy1-300x200.jpg 300w, https:\/\/oficiantesandalucia.es\/wp-content\/uploads\/2024\/02\/Oficiante-Celebrant-Boda-Playa-Genoveses-Almeria_-copy1-768x512.jpg 768w, https:\/\/oficiantesandalucia.es\/wp-content\/uploads\/2024\/02\/Oficiante-Celebrant-Boda-Playa-Genoveses-Almeria_-copy1-615x410.jpg 615w, https:\/\/oficiantesandalucia.es\/wp-content\/uploads\/2024\/02\/Oficiante-Celebrant-Boda-Playa-Genoveses-Almeria_-copy1-690x460.jpg 690w\" sizes=\"auto, (max-width: 850px) 100vw, 850px\" \/><\/figure>\n\n\n\n<figure class=\"wp-block-image size-large is-style-ignition-berliner-border-image\"><img loading=\"lazy\" decoding=\"async\" width=\"850\" height=\"567\" data-id=\"909\" src=\"https:\/\/oficiantesandalucia.es\/wp-content\/uploads\/2024\/02\/Oficiante-Celebrant-Boda-Playa-Genoveses-Almeria_-copy5.jpg\" alt=\"\" class=\"wp-image-909\" srcset=\"https:\/\/oficiantesandalucia.es\/wp-content\/uploads\/2024\/02\/Oficiante-Celebrant-Boda-Playa-Genoveses-Almeria_-copy5.jpg 850w, https:\/\/oficiantesandalucia.es\/wp-content\/uploads\/2024\/02\/Oficiante-Celebrant-Boda-Playa-Genoveses-Almeria_-copy5-300x200.jpg 300w, https:\/\/oficiantesandalucia.es\/wp-content\/uploads\/2024\/02\/Oficiante-Celebrant-Boda-Playa-Genoveses-Almeria_-copy5-768x512.jpg 768w, https:\/\/oficiantesandalucia.es\/wp-content\/uploads\/2024\/02\/Oficiante-Celebrant-Boda-Playa-Genoveses-Almeria_-copy5-615x410.jpg 615w, https:\/\/oficiantesandalucia.es\/wp-content\/uploads\/2024\/02\/Oficiante-Celebrant-Boda-Playa-Genoveses-Almeria_-copy5-690x460.jpg 690w\" sizes=\"auto, (max-width: 850px) 100vw, 850px\" \/><\/figure>\n\n\n\n<figure class=\"wp-block-image size-full is-style-ignition-berliner-border-image\"><img loading=\"lazy\" decoding=\"async\" width=\"850\" height=\"567\" data-id=\"913\" src=\"https:\/\/oficiantesandalucia.es\/wp-content\/uploads\/2024\/02\/Oficiante-Celebrant-Boda-Playa-Genoveses-Almeria_-copy6.jpg\" alt=\"\" class=\"wp-image-913\" srcset=\"https:\/\/oficiantesandalucia.es\/wp-content\/uploads\/2024\/02\/Oficiante-Celebrant-Boda-Playa-Genoveses-Almeria_-copy6.jpg 850w, https:\/\/oficiantesandalucia.es\/wp-content\/uploads\/2024\/02\/Oficiante-Celebrant-Boda-Playa-Genoveses-Almeria_-copy6-300x200.jpg 300w, https:\/\/oficiantesandalucia.es\/wp-content\/uploads\/2024\/02\/Oficiante-Celebrant-Boda-Playa-Genoveses-Almeria_-copy6-768x512.jpg 768w, https:\/\/oficiantesandalucia.es\/wp-content\/uploads\/2024\/02\/Oficiante-Celebrant-Boda-Playa-Genoveses-Almeria_-copy6-615x410.jpg 615w, https:\/\/oficiantesandalucia.es\/wp-content\/uploads\/2024\/02\/Oficiante-Celebrant-Boda-Playa-Genoveses-Almeria_-copy6-690x460.jpg 690w\" sizes=\"auto, (max-width: 850px) 100vw, 850px\" \/><\/figure>\n\n\n\n<figure class=\"wp-block-image size-full is-style-ignition-berliner-border-image\"><img loading=\"lazy\" decoding=\"async\" width=\"850\" height=\"567\" data-id=\"908\" src=\"https:\/\/oficiantesandalucia.es\/wp-content\/uploads\/2024\/02\/Oficiante-Celebrant-Boda-Playa-Genoveses-Almeria_-copy8.jpg\" alt=\"\" class=\"wp-image-908\" srcset=\"https:\/\/oficiantesandalucia.es\/wp-content\/uploads\/2024\/02\/Oficiante-Celebrant-Boda-Playa-Genoveses-Almeria_-copy8.jpg 850w, https:\/\/oficiantesandalucia.es\/wp-content\/uploads\/2024\/02\/Oficiante-Celebrant-Boda-Playa-Genoveses-Almeria_-copy8-300x200.jpg 300w, https:\/\/oficiantesandalucia.es\/wp-content\/uploads\/2024\/02\/Oficiante-Celebrant-Boda-Playa-Genoveses-Almeria_-copy8-768x512.jpg 768w, https:\/\/oficiantesandalucia.es\/wp-content\/uploads\/2024\/02\/Oficiante-Celebrant-Boda-Playa-Genoveses-Almeria_-copy8-615x410.jpg 615w, https:\/\/oficiantesandalucia.es\/wp-content\/uploads\/2024\/02\/Oficiante-Celebrant-Boda-Playa-Genoveses-Almeria_-copy8-690x460.jpg 690w\" sizes=\"auto, (max-width: 850px) 100vw, 850px\" \/><\/figure>\n\n\n\n<figure class=\"wp-block-image size-large is-style-ignition-berliner-border-image\"><img loading=\"lazy\" decoding=\"async\" width=\"850\" height=\"567\" data-id=\"907\" src=\"https:\/\/oficiantesandalucia.es\/wp-content\/uploads\/2024\/02\/Oficiante-Celebrant-Boda-Playa-Genoveses-Almeria_-copy9.jpg\" alt=\"\" class=\"wp-image-907\" srcset=\"https:\/\/oficiantesandalucia.es\/wp-content\/uploads\/2024\/02\/Oficiante-Celebrant-Boda-Playa-Genoveses-Almeria_-copy9.jpg 850w, https:\/\/oficiantesandalucia.es\/wp-content\/uploads\/2024\/02\/Oficiante-Celebrant-Boda-Playa-Genoveses-Almeria_-copy9-300x200.jpg 300w, https:\/\/oficiantesandalucia.es\/wp-content\/uploads\/2024\/02\/Oficiante-Celebrant-Boda-Playa-Genoveses-Almeria_-copy9-768x512.jpg 768w, https:\/\/oficiantesandalucia.es\/wp-content\/uploads\/2024\/02\/Oficiante-Celebrant-Boda-Playa-Genoveses-Almeria_-copy9-615x410.jpg 615w, https:\/\/oficiantesandalucia.es\/wp-content\/uploads\/2024\/02\/Oficiante-Celebrant-Boda-Playa-Genoveses-Almeria_-copy9-690x460.jpg 690w\" sizes=\"auto, (max-width: 850px) 100vw, 850px\" \/><\/figure>\n<\/figure>\n","protected":false},"excerpt":{"rendered":"<p>Situ\u00e9s au c\u0153ur du parc naturel de Cabo de Gata-N\u00edjar, en face de la plage de Los Genoveses, nous avons eu l&#8217;honneur de r\u00e9aliser plusieurs c\u00e9r\u00e9monies non seulement pour des couples espagnols, mais aussi pour [&hellip;]<\/p>\n","protected":false},"author":1,"featured_media":2626,"comment_status":"open","ping_status":"open","sticky":false,"template":"","format":"standard","meta":{"inline_featured_image":false,"_joinchat":[],"footnotes":""},"categories":[344],"tags":[386,463,462,276,461,464],"class_list":["post-3198","post","type-post","status-publish","format-standard","has-post-thumbnail","hentry","category-almeria-fr","tag-celebrant-almeria-fr","tag-ceremonie-civile-almeria","tag-mariages-almeria-fr-3","tag-mariages-cabo-de-gata-fr","tag-mariages-cabo-de-gata-fr-3","tag-officiant-genveses"],"yoast_head":"<!-- This site is optimized with the Yoast SEO plugin v27.5 - https:\/\/yoast.com\/product\/yoast-seo-wordpress\/ -->\n<title>La F\u00e1brica de los Genoveses, almeria - Oficiantes Andaluc&iacute;a<\/title>\n<meta name=\"description\" content=\"Mariages civils \u00e0 la F\u00e1brica de los Genoveses, face \u00e0 la mer, dans une aire de battage, pleine de symbolisme, de forme circulaire, comme les anneaux.\" \/>\n<meta name=\"robots\" content=\"index, follow, max-snippet:-1, max-image-preview:large, max-video-preview:-1\" \/>\n<link rel=\"canonical\" href=\"https:\/\/oficiantesandalucia.es\/fr\/almeria-fr\/la-fabrica-de-los-genoveses-almeria\/\" \/>\n<meta property=\"og:locale\" content=\"fr_FR\" \/>\n<meta property=\"og:type\" content=\"article\" \/>\n<meta property=\"og:title\" content=\"La F\u00e1brica de los Genoveses, almeria - Oficiantes Andaluc&iacute;a\" \/>\n<meta property=\"og:description\" content=\"Mariages civils \u00e0 la F\u00e1brica de los Genoveses, face \u00e0 la mer, dans une aire de battage, pleine de symbolisme, de forme circulaire, comme les anneaux.\" \/>\n<meta property=\"og:url\" content=\"https:\/\/oficiantesandalucia.es\/fr\/almeria-fr\/la-fabrica-de-los-genoveses-almeria\/\" \/>\n<meta property=\"og:site_name\" content=\"Oficiantes Andaluc&iacute;a\" \/>\n<meta property=\"article:published_time\" content=\"2024-02-17T18:53:50+00:00\" \/>\n<meta property=\"article:modified_time\" content=\"2024-06-06T11:41:48+00:00\" \/>\n<meta property=\"og:image\" content=\"https:\/\/oficiantesandalucia.es\/wp-content\/uploads\/2024\/02\/Bodas-Villa-Martes-Almeria-F04.jpg\" \/>\n\t<meta property=\"og:image:width\" content=\"850\" \/>\n\t<meta property=\"og:image:height\" content=\"568\" \/>\n\t<meta property=\"og:image:type\" content=\"image\/jpeg\" \/>\n<meta name=\"author\" content=\"admin\" \/>\n<meta name=\"twitter:card\" content=\"summary_large_image\" \/>\n<meta name=\"twitter:label1\" content=\"\u00c9crit par\" \/>\n\t<meta name=\"twitter:data1\" content=\"\" \/>\n<script type=\"application\/ld+json\" class=\"yoast-schema-graph\">{\"@context\":\"https:\\\/\\\/schema.org\",\"@graph\":[{\"@type\":\"Article\",\"@id\":\"https:\\\/\\\/oficiantesandalucia.es\\\/fr\\\/almeria-fr\\\/la-fabrica-de-los-genoveses-almeria\\\/#article\",\"isPartOf\":{\"@id\":\"https:\\\/\\\/oficiantesandalucia.es\\\/fr\\\/almeria-fr\\\/la-fabrica-de-los-genoveses-almeria\\\/\"},\"author\":{\"name\":\"admin\",\"@id\":\"https:\\\/\\\/oficiantesandalucia.es\\\/fr\\\/#\\\/schema\\\/person\\\/1d0ff9743c77c8128508e8bd57411f81\"},\"headline\":\"La F\u00e1brica de los Genoveses, almeria\",\"datePublished\":\"2024-02-17T18:53:50+00:00\",\"dateModified\":\"2024-06-06T11:41:48+00:00\",\"mainEntityOfPage\":{\"@id\":\"https:\\\/\\\/oficiantesandalucia.es\\\/fr\\\/almeria-fr\\\/la-fabrica-de-los-genoveses-almeria\\\/\"},\"wordCount\":92,\"commentCount\":0,\"publisher\":{\"@id\":\"https:\\\/\\\/oficiantesandalucia.es\\\/fr\\\/#organization\"},\"image\":{\"@id\":\"https:\\\/\\\/oficiantesandalucia.es\\\/fr\\\/almeria-fr\\\/la-fabrica-de-los-genoveses-almeria\\\/#primaryimage\"},\"thumbnailUrl\":\"https:\\\/\\\/oficiantesandalucia.es\\\/wp-content\\\/uploads\\\/2024\\\/02\\\/Bodas-Villa-Martes-Almeria-F04.jpg\",\"keywords\":[\"C\u00e9l\u00e9brant Almeria\",\"C\u00e9r\u00e9monie civile Almeria\",\"Mariages Almeria\",\"Mariages Cabo de Gata\",\"Mariages Cabo de Gata\",\"Officiant G\u00e9nveses\"],\"articleSection\":[\"Almeria\"],\"inLanguage\":\"fr-FR\",\"potentialAction\":[{\"@type\":\"CommentAction\",\"name\":\"Comment\",\"target\":[\"https:\\\/\\\/oficiantesandalucia.es\\\/fr\\\/almeria-fr\\\/la-fabrica-de-los-genoveses-almeria\\\/#respond\"]}]},{\"@type\":\"WebPage\",\"@id\":\"https:\\\/\\\/oficiantesandalucia.es\\\/fr\\\/almeria-fr\\\/la-fabrica-de-los-genoveses-almeria\\\/\",\"url\":\"https:\\\/\\\/oficiantesandalucia.es\\\/fr\\\/almeria-fr\\\/la-fabrica-de-los-genoveses-almeria\\\/\",\"name\":\"La F\u00e1brica de los Genoveses, almeria - Oficiantes Andaluc&iacute;a\",\"isPartOf\":{\"@id\":\"https:\\\/\\\/oficiantesandalucia.es\\\/fr\\\/#website\"},\"primaryImageOfPage\":{\"@id\":\"https:\\\/\\\/oficiantesandalucia.es\\\/fr\\\/almeria-fr\\\/la-fabrica-de-los-genoveses-almeria\\\/#primaryimage\"},\"image\":{\"@id\":\"https:\\\/\\\/oficiantesandalucia.es\\\/fr\\\/almeria-fr\\\/la-fabrica-de-los-genoveses-almeria\\\/#primaryimage\"},\"thumbnailUrl\":\"https:\\\/\\\/oficiantesandalucia.es\\\/wp-content\\\/uploads\\\/2024\\\/02\\\/Bodas-Villa-Martes-Almeria-F04.jpg\",\"datePublished\":\"2024-02-17T18:53:50+00:00\",\"dateModified\":\"2024-06-06T11:41:48+00:00\",\"description\":\"Mariages civils \u00e0 la F\u00e1brica de los Genoveses, face \u00e0 la mer, dans une aire de battage, pleine de symbolisme, de forme circulaire, comme les anneaux.\",\"breadcrumb\":{\"@id\":\"https:\\\/\\\/oficiantesandalucia.es\\\/fr\\\/almeria-fr\\\/la-fabrica-de-los-genoveses-almeria\\\/#breadcrumb\"},\"inLanguage\":\"fr-FR\",\"potentialAction\":[{\"@type\":\"ReadAction\",\"target\":[\"https:\\\/\\\/oficiantesandalucia.es\\\/fr\\\/almeria-fr\\\/la-fabrica-de-los-genoveses-almeria\\\/\"]}]},{\"@type\":\"ImageObject\",\"inLanguage\":\"fr-FR\",\"@id\":\"https:\\\/\\\/oficiantesandalucia.es\\\/fr\\\/almeria-fr\\\/la-fabrica-de-los-genoveses-almeria\\\/#primaryimage\",\"url\":\"https:\\\/\\\/oficiantesandalucia.es\\\/wp-content\\\/uploads\\\/2024\\\/02\\\/Bodas-Villa-Martes-Almeria-F04.jpg\",\"contentUrl\":\"https:\\\/\\\/oficiantesandalucia.es\\\/wp-content\\\/uploads\\\/2024\\\/02\\\/Bodas-Villa-Martes-Almeria-F04.jpg\",\"width\":850,\"height\":568},{\"@type\":\"BreadcrumbList\",\"@id\":\"https:\\\/\\\/oficiantesandalucia.es\\\/fr\\\/almeria-fr\\\/la-fabrica-de-los-genoveses-almeria\\\/#breadcrumb\",\"itemListElement\":[{\"@type\":\"ListItem\",\"position\":1,\"name\":\"Portada\",\"item\":\"https:\\\/\\\/oficiantesandalucia.es\\\/fr\\\/\"},{\"@type\":\"ListItem\",\"position\":2,\"name\":\"La F\u00e1brica de los Genoveses, almeria\"}]},{\"@type\":\"WebSite\",\"@id\":\"https:\\\/\\\/oficiantesandalucia.es\\\/fr\\\/#website\",\"url\":\"https:\\\/\\\/oficiantesandalucia.es\\\/fr\\\/\",\"name\":\"Oficiantes Andaluc\u00eda\",\"description\":\"Ceremonias civiles\",\"publisher\":{\"@id\":\"https:\\\/\\\/oficiantesandalucia.es\\\/fr\\\/#organization\"},\"potentialAction\":[{\"@type\":\"SearchAction\",\"target\":{\"@type\":\"EntryPoint\",\"urlTemplate\":\"https:\\\/\\\/oficiantesandalucia.es\\\/fr\\\/?s={search_term_string}\"},\"query-input\":{\"@type\":\"PropertyValueSpecification\",\"valueRequired\":true,\"valueName\":\"search_term_string\"}}],\"inLanguage\":\"fr-FR\"},{\"@type\":\"Organization\",\"@id\":\"https:\\\/\\\/oficiantesandalucia.es\\\/fr\\\/#organization\",\"name\":\"Oficiantes Andaluc\u00eda\",\"url\":\"https:\\\/\\\/oficiantesandalucia.es\\\/fr\\\/\",\"logo\":{\"@type\":\"ImageObject\",\"inLanguage\":\"fr-FR\",\"@id\":\"https:\\\/\\\/oficiantesandalucia.es\\\/fr\\\/#\\\/schema\\\/logo\\\/image\\\/\",\"url\":\"https:\\\/\\\/oficiantesandalucia.es\\\/wp-content\\\/uploads\\\/2024\\\/01\\\/Sello-oficiantes-Andalucia.png\",\"contentUrl\":\"https:\\\/\\\/oficiantesandalucia.es\\\/wp-content\\\/uploads\\\/2024\\\/01\\\/Sello-oficiantes-Andalucia.png\",\"width\":1246,\"height\":1249,\"caption\":\"Oficiantes Andaluc\u00eda\"},\"image\":{\"@id\":\"https:\\\/\\\/oficiantesandalucia.es\\\/fr\\\/#\\\/schema\\\/logo\\\/image\\\/\"},\"sameAs\":[\"https:\\\/\\\/www.instagram.com\\\/oficiantes_andalucia\"]},{\"@type\":\"Person\",\"@id\":\"https:\\\/\\\/oficiantesandalucia.es\\\/fr\\\/#\\\/schema\\\/person\\\/1d0ff9743c77c8128508e8bd57411f81\",\"name\":\"admin\",\"image\":{\"@type\":\"ImageObject\",\"inLanguage\":\"fr-FR\",\"@id\":\"https:\\\/\\\/oficiantesandalucia.es\\\/wp-content\\\/litespeed\\\/avatar\\\/2cb521f7159e95e4b8ba6c0be3a2df48.jpg?ver=1776884407\",\"url\":\"https:\\\/\\\/oficiantesandalucia.es\\\/wp-content\\\/litespeed\\\/avatar\\\/2cb521f7159e95e4b8ba6c0be3a2df48.jpg?ver=1776884407\",\"contentUrl\":\"https:\\\/\\\/oficiantesandalucia.es\\\/wp-content\\\/litespeed\\\/avatar\\\/2cb521f7159e95e4b8ba6c0be3a2df48.jpg?ver=1776884407\",\"caption\":\"admin\"},\"sameAs\":[\"https:\\\/\\\/oficiantesandalucia.es\"],\"url\":\"https:\\\/\\\/oficiantesandalucia.es\\\/fr\\\/author\\\/admin\\\/\"}]}<\/script>\n<!-- \/ Yoast SEO plugin. -->","yoast_head_json":{"title":"La F\u00e1brica de los Genoveses, almeria - Oficiantes Andaluc&iacute;a","description":"Mariages civils \u00e0 la F\u00e1brica de los Genoveses, face \u00e0 la mer, dans une aire de battage, pleine de symbolisme, de forme circulaire, comme les anneaux.","robots":{"index":"index","follow":"follow","max-snippet":"max-snippet:-1","max-image-preview":"max-image-preview:large","max-video-preview":"max-video-preview:-1"},"canonical":"https:\/\/oficiantesandalucia.es\/fr\/almeria-fr\/la-fabrica-de-los-genoveses-almeria\/","og_locale":"fr_FR","og_type":"article","og_title":"La F\u00e1brica de los Genoveses, almeria - Oficiantes Andaluc&iacute;a","og_description":"Mariages civils \u00e0 la F\u00e1brica de los Genoveses, face \u00e0 la mer, dans une aire de battage, pleine de symbolisme, de forme circulaire, comme les anneaux.","og_url":"https:\/\/oficiantesandalucia.es\/fr\/almeria-fr\/la-fabrica-de-los-genoveses-almeria\/","og_site_name":"Oficiantes Andaluc&iacute;a","article_published_time":"2024-02-17T18:53:50+00:00","article_modified_time":"2024-06-06T11:41:48+00:00","og_image":[{"width":850,"height":568,"url":"https:\/\/oficiantesandalucia.es\/wp-content\/uploads\/2024\/02\/Bodas-Villa-Martes-Almeria-F04.jpg","type":"image\/jpeg"}],"author":"admin","twitter_card":"summary_large_image","twitter_misc":{"\u00c9crit par":false},"schema":{"@context":"https:\/\/schema.org","@graph":[{"@type":"Article","@id":"https:\/\/oficiantesandalucia.es\/fr\/almeria-fr\/la-fabrica-de-los-genoveses-almeria\/#article","isPartOf":{"@id":"https:\/\/oficiantesandalucia.es\/fr\/almeria-fr\/la-fabrica-de-los-genoveses-almeria\/"},"author":{"name":"admin","@id":"https:\/\/oficiantesandalucia.es\/fr\/#\/schema\/person\/1d0ff9743c77c8128508e8bd57411f81"},"headline":"La F\u00e1brica de los Genoveses, almeria","datePublished":"2024-02-17T18:53:50+00:00","dateModified":"2024-06-06T11:41:48+00:00","mainEntityOfPage":{"@id":"https:\/\/oficiantesandalucia.es\/fr\/almeria-fr\/la-fabrica-de-los-genoveses-almeria\/"},"wordCount":92,"commentCount":0,"publisher":{"@id":"https:\/\/oficiantesandalucia.es\/fr\/#organization"},"image":{"@id":"https:\/\/oficiantesandalucia.es\/fr\/almeria-fr\/la-fabrica-de-los-genoveses-almeria\/#primaryimage"},"thumbnailUrl":"https:\/\/oficiantesandalucia.es\/wp-content\/uploads\/2024\/02\/Bodas-Villa-Martes-Almeria-F04.jpg","keywords":["C\u00e9l\u00e9brant Almeria","C\u00e9r\u00e9monie civile Almeria","Mariages Almeria","Mariages Cabo de Gata","Mariages Cabo de Gata","Officiant G\u00e9nveses"],"articleSection":["Almeria"],"inLanguage":"fr-FR","potentialAction":[{"@type":"CommentAction","name":"Comment","target":["https:\/\/oficiantesandalucia.es\/fr\/almeria-fr\/la-fabrica-de-los-genoveses-almeria\/#respond"]}]},{"@type":"WebPage","@id":"https:\/\/oficiantesandalucia.es\/fr\/almeria-fr\/la-fabrica-de-los-genoveses-almeria\/","url":"https:\/\/oficiantesandalucia.es\/fr\/almeria-fr\/la-fabrica-de-los-genoveses-almeria\/","name":"La F\u00e1brica de los Genoveses, almeria - Oficiantes Andaluc&iacute;a","isPartOf":{"@id":"https:\/\/oficiantesandalucia.es\/fr\/#website"},"primaryImageOfPage":{"@id":"https:\/\/oficiantesandalucia.es\/fr\/almeria-fr\/la-fabrica-de-los-genoveses-almeria\/#primaryimage"},"image":{"@id":"https:\/\/oficiantesandalucia.es\/fr\/almeria-fr\/la-fabrica-de-los-genoveses-almeria\/#primaryimage"},"thumbnailUrl":"https:\/\/oficiantesandalucia.es\/wp-content\/uploads\/2024\/02\/Bodas-Villa-Martes-Almeria-F04.jpg","datePublished":"2024-02-17T18:53:50+00:00","dateModified":"2024-06-06T11:41:48+00:00","description":"Mariages civils \u00e0 la F\u00e1brica de los Genoveses, face \u00e0 la mer, dans une aire de battage, pleine de symbolisme, de forme circulaire, comme les anneaux.","breadcrumb":{"@id":"https:\/\/oficiantesandalucia.es\/fr\/almeria-fr\/la-fabrica-de-los-genoveses-almeria\/#breadcrumb"},"inLanguage":"fr-FR","potentialAction":[{"@type":"ReadAction","target":["https:\/\/oficiantesandalucia.es\/fr\/almeria-fr\/la-fabrica-de-los-genoveses-almeria\/"]}]},{"@type":"ImageObject","inLanguage":"fr-FR","@id":"https:\/\/oficiantesandalucia.es\/fr\/almeria-fr\/la-fabrica-de-los-genoveses-almeria\/#primaryimage","url":"https:\/\/oficiantesandalucia.es\/wp-content\/uploads\/2024\/02\/Bodas-Villa-Martes-Almeria-F04.jpg","contentUrl":"https:\/\/oficiantesandalucia.es\/wp-content\/uploads\/2024\/02\/Bodas-Villa-Martes-Almeria-F04.jpg","width":850,"height":568},{"@type":"BreadcrumbList","@id":"https:\/\/oficiantesandalucia.es\/fr\/almeria-fr\/la-fabrica-de-los-genoveses-almeria\/#breadcrumb","itemListElement":[{"@type":"ListItem","position":1,"name":"Portada","item":"https:\/\/oficiantesandalucia.es\/fr\/"},{"@type":"ListItem","position":2,"name":"La F\u00e1brica de los Genoveses, almeria"}]},{"@type":"WebSite","@id":"https:\/\/oficiantesandalucia.es\/fr\/#website","url":"https:\/\/oficiantesandalucia.es\/fr\/","name":"Oficiantes Andaluc\u00eda","description":"Ceremonias civiles","publisher":{"@id":"https:\/\/oficiantesandalucia.es\/fr\/#organization"},"potentialAction":[{"@type":"SearchAction","target":{"@type":"EntryPoint","urlTemplate":"https:\/\/oficiantesandalucia.es\/fr\/?s={search_term_string}"},"query-input":{"@type":"PropertyValueSpecification","valueRequired":true,"valueName":"search_term_string"}}],"inLanguage":"fr-FR"},{"@type":"Organization","@id":"https:\/\/oficiantesandalucia.es\/fr\/#organization","name":"Oficiantes Andaluc\u00eda","url":"https:\/\/oficiantesandalucia.es\/fr\/","logo":{"@type":"ImageObject","inLanguage":"fr-FR","@id":"https:\/\/oficiantesandalucia.es\/fr\/#\/schema\/logo\/image\/","url":"https:\/\/oficiantesandalucia.es\/wp-content\/uploads\/2024\/01\/Sello-oficiantes-Andalucia.png","contentUrl":"https:\/\/oficiantesandalucia.es\/wp-content\/uploads\/2024\/01\/Sello-oficiantes-Andalucia.png","width":1246,"height":1249,"caption":"Oficiantes Andaluc\u00eda"},"image":{"@id":"https:\/\/oficiantesandalucia.es\/fr\/#\/schema\/logo\/image\/"},"sameAs":["https:\/\/www.instagram.com\/oficiantes_andalucia"]},{"@type":"Person","@id":"https:\/\/oficiantesandalucia.es\/fr\/#\/schema\/person\/1d0ff9743c77c8128508e8bd57411f81","name":"admin","image":{"@type":"ImageObject","inLanguage":"fr-FR","@id":"https:\/\/oficiantesandalucia.es\/wp-content\/litespeed\/avatar\/2cb521f7159e95e4b8ba6c0be3a2df48.jpg?ver=1776884407","url":"https:\/\/oficiantesandalucia.es\/wp-content\/litespeed\/avatar\/2cb521f7159e95e4b8ba6c0be3a2df48.jpg?ver=1776884407","contentUrl":"https:\/\/oficiantesandalucia.es\/wp-content\/litespeed\/avatar\/2cb521f7159e95e4b8ba6c0be3a2df48.jpg?ver=1776884407","caption":"admin"},"sameAs":["https:\/\/oficiantesandalucia.es"],"url":"https:\/\/oficiantesandalucia.es\/fr\/author\/admin\/"}]}},"_links":{"self":[{"href":"https:\/\/oficiantesandalucia.es\/fr\/wp-json\/wp\/v2\/posts\/3198","targetHints":{"allow":["GET"]}}],"collection":[{"href":"https:\/\/oficiantesandalucia.es\/fr\/wp-json\/wp\/v2\/posts"}],"about":[{"href":"https:\/\/oficiantesandalucia.es\/fr\/wp-json\/wp\/v2\/types\/post"}],"author":[{"embeddable":true,"href":"https:\/\/oficiantesandalucia.es\/fr\/wp-json\/wp\/v2\/users\/1"}],"replies":[{"embeddable":true,"href":"https:\/\/oficiantesandalucia.es\/fr\/wp-json\/wp\/v2\/comments?post=3198"}],"version-history":[{"count":1,"href":"https:\/\/oficiantesandalucia.es\/fr\/wp-json\/wp\/v2\/posts\/3198\/revisions"}],"predecessor-version":[{"id":3199,"href":"https:\/\/oficiantesandalucia.es\/fr\/wp-json\/wp\/v2\/posts\/3198\/revisions\/3199"}],"wp:featuredmedia":[{"embeddable":true,"href":"https:\/\/oficiantesandalucia.es\/fr\/wp-json\/wp\/v2\/media\/2626"}],"wp:attachment":[{"href":"https:\/\/oficiantesandalucia.es\/fr\/wp-json\/wp\/v2\/media?parent=3198"}],"wp:term":[{"taxonomy":"category","embeddable":true,"href":"https:\/\/oficiantesandalucia.es\/fr\/wp-json\/wp\/v2\/categories?post=3198"},{"taxonomy":"post_tag","embeddable":true,"href":"https:\/\/oficiantesandalucia.es\/fr\/wp-json\/wp\/v2\/tags?post=3198"}],"curies":[{"name":"wp","href":"https:\/\/api.w.org\/{rel}","templated":true}]}}